{"id":260,"date":"2026-02-28T10:28:44","date_gmt":"2026-02-28T10:28:44","guid":{"rendered":"https:\/\/tomatoday.fruitveb.hu\/?p=260"},"modified":"2026-03-11T20:16:00","modified_gmt":"2026-03-11T20:16:00","slug":"regisztracio-elerheto","status":"publish","type":"post","link":"https:\/\/tomatoday.fruitveb.hu\/en\/regisztracio-elerheto\/","title":{"rendered":"Registration is now open to Hungarian Tomato Day and Greenhouse Expo (2nd June 2026, Szeged)"},"content":{"rendered":"<p><strong>The Hungarian Tomato Day and Greenhouse Expo 2026 event will take place on June 2nd, 2026 (Tuesday), and just like in the previous year, the venue will be Szeged (Hunguest Hotel Szeged (Forr\u00e1s), 6726 Szeged, Szent-Gy\u00f6rgyi A. u. 16-24.) As in the past four years, a number of national and international speakers will share their knowledge with the audience, and the organisers will also provide exhibition opportunities.<\/strong><\/p>\n\n\n\n<p>Id\u00e9n j\u00fanius 2-\u00e1n (kedden) ker\u00fcl sor a Magyar Paradicsom Napja \u00e9s Hajtat\u00e1si Expo szakmai rendezv\u00e9nyre, amelynek helysz\u00edne a tavalyival megegyez\u0151en Szeged lesz (Hunguest Hotel Szeged (Forr\u00e1s), 6726 Szeged, Szent-Gy\u00f6rgyi A. u. 16-24.) Ak\u00e1rcsak az el\u0151z\u0151 n\u00e9gy \u00e9vben, most is sz\u00e1mos hazai \u00e9s k\u00fclf\u00f6ldi el\u0151ad\u00f3 osztja meg ismereteit a hallgat\u00f3s\u00e1ggal, illetve a rendez\u0151k ki\u00e1ll\u00edt\u00e1si lehet\u0151s\u00e9get is biztos\u00edtanak.<\/p>\n\n\n\n<p>The programme is currently being organized, but registration is already open \u2014 you can sign up for the event by clicking the link below:<\/p>\n\n\n\n<p><a href=\"https:\/\/docs.google.com\/forms\/d\/e\/1FAIpQLSd_qQNakhQRQ9vJEwr3FTY1EZhGElHAeCN26omB7VgaNDINHQ\/viewform\" target=\"_blank\" rel=\"noreferrer noopener\"><strong><mark><mark style=\"background-color:#004632;color:#FFFFFF\" class=\"has-inline-color\">REGSITRATION - HUNGARIAN TOMATO DAY AND GREENHOUSE EXPO 2026<\/mark><\/mark><\/strong><\/a><\/p>\n\n\n\n<p><\/p>","protected":false},"excerpt":{"rendered":"<p>2026-ban is megrendez\u00e9sre ker\u00fcl a Magyar Paradicsom Napja \u00e9s Hajtat\u00e1si Expo szakmai rendezv\u00e9ny, Magyarorsz\u00e1g legjelent\u0151sebb hajtatott paradicsomtermeszt\u00e9si esem\u00e9nye \u2013 m\u00e1r lehet jelentkezni az esem\u00e9nyre. Id\u00e9n j\u00fanius 2-\u00e1n (kedden) ker\u00fcl sor a Magyar Paradicsom Napja \u00e9s Hajtat\u00e1si Expo szakmai rendezv\u00e9nyre, amelynek helysz\u00edne a tavalyival megegyez\u0151en Szeged lesz (Hunguest Hotel Szeged (Forr\u00e1s), 6726 Szeged, Szent-Gy\u00f6rgyi A. u. [&hellip;]<\/p>\n","protected":false},"author":1,"featured_media":924,"comment_status":"open","ping_status":"open","sticky":false,"template":"","format":"standard","meta":{"footnotes":"","jetpack_publicize_message":"","jetpack_publicize_feature_enabled":true,"jetpack_social_post_already_shared":false,"jetpack_social_options":{"image_generator_settings":{"template":"highway","default_image_id":0,"font":"","enabled":false},"version":2}},"categories":[12],"tags":[25,24],"class_list":["post-260","post","type-post","status-publish","format-standard","has-post-thumbnail","hentry","category-uncategorized-hu","tag-paradicsom","tag-paradicsomnap"],"jetpack_publicize_connections":[],"_links":{"self":[{"href":"https:\/\/tomatoday.fruitveb.hu\/en\/wp-json\/wp\/v2\/posts\/260","targetHints":{"allow":["GET"]}}],"collection":[{"href":"https:\/\/tomatoday.fruitveb.hu\/en\/wp-json\/wp\/v2\/posts"}],"about":[{"href":"https:\/\/tomatoday.fruitveb.hu\/en\/wp-json\/wp\/v2\/types\/post"}],"author":[{"embeddable":true,"href":"https:\/\/tomatoday.fruitveb.hu\/en\/wp-json\/wp\/v2\/users\/1"}],"replies":[{"embeddable":true,"href":"https:\/\/tomatoday.fruitveb.hu\/en\/wp-json\/wp\/v2\/comments?post=260"}],"version-history":[{"count":4,"href":"https:\/\/tomatoday.fruitveb.hu\/en\/wp-json\/wp\/v2\/posts\/260\/revisions"}],"predecessor-version":[{"id":925,"href":"https:\/\/tomatoday.fruitveb.hu\/en\/wp-json\/wp\/v2\/posts\/260\/revisions\/925"}],"wp:featuredmedia":[{"embeddable":true,"href":"https:\/\/tomatoday.fruitveb.hu\/en\/wp-json\/wp\/v2\/media\/924"}],"wp:attachment":[{"href":"https:\/\/tomatoday.fruitveb.hu\/en\/wp-json\/wp\/v2\/media?parent=260"}],"wp:term":[{"taxonomy":"category","embeddable":true,"href":"https:\/\/tomatoday.fruitveb.hu\/en\/wp-json\/wp\/v2\/categories?post=260"},{"taxonomy":"post_tag","embeddable":true,"href":"https:\/\/tomatoday.fruitveb.hu\/en\/wp-json\/wp\/v2\/tags?post=260"}],"curies":[{"name":"wp","href":"https:\/\/api.w.org\/{rel}","templated":true}]}}